{"id":10990,"date":"2020-11-10T08:08:34","date_gmt":"2020-11-10T08:08:34","guid":{"rendered":"http:\/\/ehpes.com\/blog1\/?p=10990"},"modified":"2020-11-11T09:17:58","modified_gmt":"2020-11-11T09:17:58","slug":"an-atmosphere-of-hope-and-confidence","status":"publish","type":"post","link":"http:\/\/ehpes.com\/blog1\/?p=10990","title":{"rendered":"An Atmosphere of Hope and Confidence"},"content":{"rendered":"<p><a href=\"http:\/\/ehpes.com\/blog1\/wp-content\/uploads\/2020\/11\/9783867323482.jpg\"><img loading=\"lazy\" decoding=\"async\" class=\"aligncenter size-large wp-image-10991\" src=\"http:\/\/ehpes.com\/blog1\/wp-content\/uploads\/2020\/11\/9783867323482-725x1024.jpg\" alt=\"\" width=\"625\" height=\"883\" srcset=\"http:\/\/ehpes.com\/blog1\/wp-content\/uploads\/2020\/11\/9783867323482-725x1024.jpg 725w, http:\/\/ehpes.com\/blog1\/wp-content\/uploads\/2020\/11\/9783867323482-213x300.jpg 213w, http:\/\/ehpes.com\/blog1\/wp-content\/uploads\/2020\/11\/9783867323482-768x1084.jpg 768w, http:\/\/ehpes.com\/blog1\/wp-content\/uploads\/2020\/11\/9783867323482-1088x1536.jpg 1088w, http:\/\/ehpes.com\/blog1\/wp-content\/uploads\/2020\/11\/9783867323482-624x881.jpg 624w, http:\/\/ehpes.com\/blog1\/wp-content\/uploads\/2020\/11\/9783867323482.jpg 1200w\" sizes=\"(max-width: 625px) 100vw, 625px\" \/><\/a><strong>Eine Atmosph\u00e4re von Hoffnung und Zuversicht \u2022 An Atmosphere of Hope and Confidence<\/strong><br \/>\n<strong>Hilfe f\u00fcr verfolgte Juden in Rum\u00e4nien, Transnistrien und Nordsiebenb\u00fcrgen 1940-1944 \u2022<\/strong><br \/>\n<strong>Aid for Persecuted Jews in Romania, Transnistria and Northern Transylvania 1940-1944<br \/>\n<\/strong><em>296 pages, 170 x 240 mm, with numerous illustrations, hardcover, numerous partly colored illustrations September 2020 ISBN 978-3-86732-348-2 <span style=\"color: #ff0000;\"><strong><a style=\"color: #ff0000;\" href=\"https:\/\/www.lukasverlag.com\/in-vorbereitung\/titel\/545-eine-atmosphaere-von-hoffnung-und-zuversicht.html\" target=\"_blank\" rel=\"noopener noreferrer\">Lukas Verlag<\/a><\/strong><\/span><\/em><\/p>\n<p>During the Second World War, Romania was an ally of the German Reich. The spectrum of persecution of Jews in the Romanian territory was broad. It ranged from legislative measures to deprivation of rights and expropriation to pogroms, deportations, and mass murder. \u2028However, individual courageous individuals from various social strata came to the aid of the oppressed people. This book presents these often anonymous helpers who put their lives at risk for the first time to German readers.\u00a0At the end of June 1941, for example, the twenty-one year old factory worker Elisabeta Nicopoi from Jassy hid several Jewish neighbors who thus escaped the pogrom. Since early 1943, staff members of the Romanian Red Cross had been bringing medicines collected in Bucharest to the hard-to-reach ghettos in the Romanian occupied territory of Transnistria in southern Ukraine. In the same year, financial aid from foreign Jewish organizations also reached the helper networks.\u00a0Even while the Romanian army was still fighting alongside the Wehrmacht, Jewish survivors from Romania were able to emigrate by ship via Turkey to Palestine from 1944, among them many orphans. Only later were helpers honored. Many of them were imprisoned in communist prisons; only a few survived.<\/p>\n<p><a href=\"http:\/\/ehpes.com\/blog1\/wp-content\/uploads\/2020\/11\/9783890863931xxl.jpg\"><img loading=\"lazy\" decoding=\"async\" class=\"aligncenter wp-image-10992 size-full\" src=\"http:\/\/ehpes.com\/blog1\/wp-content\/uploads\/2020\/11\/9783890863931xxl-e1604995822351.jpg\" alt=\"\" width=\"387\" height=\"658\" \/><\/a><strong>Gottes M\u00fchlen in Berlin \u2022 Mills of God in Berlin<\/strong><br \/>\n<strong>Ausgew\u00e4hlte Gedichte \u2022 Selected Poems<\/strong><br \/>\n<strong>Herausgegeben und kommentiert von Andrei Corbea-Hoisie \u2022<br \/>\nPublished and Commented by Andrei Corbea-Hoisie<\/strong><br \/>\n<em>156 pages, paperback, 2020 ISBN 978-3-89086-393-1 <strong><span style=\"color: #ff0000;\"><a style=\"color: #ff0000;\" href=\"https:\/\/www.rimbaud.de\/books\/gottes-muehlen-in-berlin\/\" target=\"_blank\" rel=\"noopener noreferrer\">Rimbaud Verlag<\/a><\/span><\/strong><\/em><\/p>\n<p>The present edition intends to reconstruct the book project entitled <strong>&#8220;Gottes M\u00fchlen in Berlin&#8221;<\/strong> by Immanuel Weissglas, whose publication was stopped in Bucharest in 1947 for unclear reasons &#8211; be they political or economic &#8211; and never appeared again in the planned design. In the course of time, only individual poems were selected for publication; Weissglas himself revised numerous texts into new versions and incorporated them into the volume of poetry <strong>&#8220;Der Nobiskrug&#8221;<\/strong> (1972).<\/p>\n<p><a href=\"http:\/\/ehpes.com\/blog1\/wp-content\/uploads\/2020\/11\/us_zabarko_front-scaled-1.jpg\"><img loading=\"lazy\" decoding=\"async\" class=\"aligncenter size-large wp-image-10993\" src=\"http:\/\/ehpes.com\/blog1\/wp-content\/uploads\/2020\/11\/us_zabarko_front-scaled-1-725x1024.jpg\" alt=\"\" width=\"625\" height=\"883\" srcset=\"http:\/\/ehpes.com\/blog1\/wp-content\/uploads\/2020\/11\/us_zabarko_front-scaled-1-725x1024.jpg 725w, http:\/\/ehpes.com\/blog1\/wp-content\/uploads\/2020\/11\/us_zabarko_front-scaled-1-212x300.jpg 212w, http:\/\/ehpes.com\/blog1\/wp-content\/uploads\/2020\/11\/us_zabarko_front-scaled-1-768x1084.jpg 768w, http:\/\/ehpes.com\/blog1\/wp-content\/uploads\/2020\/11\/us_zabarko_front-scaled-1-1088x1536.jpg 1088w, http:\/\/ehpes.com\/blog1\/wp-content\/uploads\/2020\/11\/us_zabarko_front-scaled-1-1450x2048.jpg 1450w, http:\/\/ehpes.com\/blog1\/wp-content\/uploads\/2020\/11\/us_zabarko_front-scaled-1-624x881.jpg 624w, http:\/\/ehpes.com\/blog1\/wp-content\/uploads\/2020\/11\/us_zabarko_front-scaled-1.jpg 1813w\" sizes=\"(max-width: 625px) 100vw, 625px\" \/><\/a><strong>Leben und Tod in der Epoche des Holocaust in der Ukraine \u2022<\/strong><br \/>\n<strong>Life and Death in the Era of the Holocaust in Ukraine<\/strong><br \/>\n<strong>Zeugnisse von \u00dcberlebenden \u2022 Testimonies of Survivors<\/strong><br \/>\n<em>December 2019 ISBN: 978-3-86331-475-0 Pages: 1152 <strong><span style=\"color: #ff0000;\"><a style=\"color: #ff0000;\" href=\"https:\/\/metropol-verlag.de\/produkt\/boris-zabarko-\u00b7-margret-mueller-\u00b7-werner-mueller-hrsg-leben-und-tod-in-der-epoche-des-holocaust-in-der-ukraine\/\" target=\"_blank\" rel=\"noopener noreferrer\">METROPOL<\/a><\/span><\/strong><\/em><\/p>\n<p>For decades, the Holocaust in Ukraine received little attention. It is only since the 1990s that German crimes have increasingly attracted the interest of historians and the public, both in Germany and in Ukraine itself. Nevertheless, there is still little knowledge of what happened in the former Soviet Socialist Republic. The historian Boris Zabarko, himself a survivor of the Shargorod ghetto, was one of the first to systematically research the fate of Jews under German occupation in Ukraine. For more than 20 years he has been collecting survivors&#8217; reports and interviewing those who were once persecuted. In 1999, a first publication in Russian appeared, followed by a multi-volume work. The present edition contains more than 180 reports of survivors. They are assigned to the respective crime scenes, for which introductory contextual information is given, and follow the chronology of the occupation. The result is a &#8220;Geography of the Holocaust&#8221; in the Ukraine.<\/p>\n<p><a href=\"http:\/\/ehpes.com\/blog1\/wp-content\/uploads\/2020\/11\/unser-ueberlebenswille-war-stark_9783866286788.jpg\"><img loading=\"lazy\" decoding=\"async\" class=\"aligncenter size-large wp-image-10994\" src=\"http:\/\/ehpes.com\/blog1\/wp-content\/uploads\/2020\/11\/unser-ueberlebenswille-war-stark_9783866286788-722x1024.jpg\" alt=\"\" width=\"625\" height=\"886\" srcset=\"http:\/\/ehpes.com\/blog1\/wp-content\/uploads\/2020\/11\/unser-ueberlebenswille-war-stark_9783866286788-722x1024.jpg 722w, http:\/\/ehpes.com\/blog1\/wp-content\/uploads\/2020\/11\/unser-ueberlebenswille-war-stark_9783866286788-211x300.jpg 211w, http:\/\/ehpes.com\/blog1\/wp-content\/uploads\/2020\/11\/unser-ueberlebenswille-war-stark_9783866286788-768x1090.jpg 768w, http:\/\/ehpes.com\/blog1\/wp-content\/uploads\/2020\/11\/unser-ueberlebenswille-war-stark_9783866286788-1083x1536.jpg 1083w, http:\/\/ehpes.com\/blog1\/wp-content\/uploads\/2020\/11\/unser-ueberlebenswille-war-stark_9783866286788-1444x2048.jpg 1444w, http:\/\/ehpes.com\/blog1\/wp-content\/uploads\/2020\/11\/unser-ueberlebenswille-war-stark_9783866286788-624x885.jpg 624w, http:\/\/ehpes.com\/blog1\/wp-content\/uploads\/2020\/11\/unser-ueberlebenswille-war-stark_9783866286788.jpg 1748w\" sizes=\"(max-width: 625px) 100vw, 625px\" \/><\/a><strong>Unser \u00dcberlebenswill war stark \u2022 Our Will To Survive Was Strong<\/strong><br \/>\n<strong>Gespr\u00e4che mit M. Bartfeld-Feller \u00fcber Czernowitz, die sibirische Verbannung und Israel \u2022<\/strong><br \/>\n<strong>Discussions with M.\u00a0Bartfeld-Feller about Czernowitz, the Siberian Banishment and Israel<\/strong><br \/>\n<em>1st edition 2020, 68 pages, ISBN 978-3-86628-678-8 <span style=\"color: #ff0000;\"><strong><a style=\"color: #ff0000;\" href=\"http:\/\/www.hartung-gorre.de\/Wiehn_MBF_Ueberleben.htm\" target=\"_blank\" rel=\"noopener noreferrer\">Hartung-Gorre Verlag<\/a><\/strong><\/span><\/em><\/p>\n<p>1. Erhard Roy Wiehn: From Czernowitz through Siberia to Israel &#8211;\u00a0Tel Aviv 1996<br \/>\n2. Christel Wollmann-Fiedler: 50 Years of Siberian Exile &#8211;\u00a0Tel Aviv 2012<\/p>\n<p><a href=\"http:\/\/ehpes.com\/blog1\/wp-content\/uploads\/2020\/11\/715EARjW6L.jpg\"><img loading=\"lazy\" decoding=\"async\" class=\"aligncenter size-large wp-image-10995\" src=\"http:\/\/ehpes.com\/blog1\/wp-content\/uploads\/2020\/11\/715EARjW6L-1024x921.jpg\" alt=\"\" width=\"625\" height=\"562\" srcset=\"http:\/\/ehpes.com\/blog1\/wp-content\/uploads\/2020\/11\/715EARjW6L-1024x921.jpg 1024w, http:\/\/ehpes.com\/blog1\/wp-content\/uploads\/2020\/11\/715EARjW6L-300x270.jpg 300w, http:\/\/ehpes.com\/blog1\/wp-content\/uploads\/2020\/11\/715EARjW6L-768x691.jpg 768w, http:\/\/ehpes.com\/blog1\/wp-content\/uploads\/2020\/11\/715EARjW6L-1536x1381.jpg 1536w, http:\/\/ehpes.com\/blog1\/wp-content\/uploads\/2020\/11\/715EARjW6L-2048x1841.jpg 2048w, http:\/\/ehpes.com\/blog1\/wp-content\/uploads\/2020\/11\/715EARjW6L-624x561.jpg 624w\" sizes=\"(max-width: 625px) 100vw, 625px\" \/><\/a><strong>Todefuge Gedichte und Prosa 1952-1967 \u2022 Deathfugue Poems and Prose 1952-1967<\/strong><br \/>\n<em>Audio Book CD, 2 CDs, running time: 1h 59min ISBN: 978-3-8445-3919-6<\/em><br \/>\n<em>Published on September 14, 2020 <strong><span style=\"color: #ff0000;\"><a style=\"color: #ff0000;\" href=\"https:\/\/www.randomhouse.de\/Hoerbuch\/Todesfuge\/Paul-Celan\/der-Hoerverlag\/e551902.rhd\" target=\"_blank\" rel=\"noopener noreferrer\">Random House<\/a><\/span><\/strong><\/em><\/p>\n<p>Paul Celan: One of the most important German-language poets in original language.\u00a0His poetry is world literature full of musicality and form, which puts the utmost of human experience into words. Paul Celan was famous for the very special way he recited his poems. Between his scandalous reading in 1952 in front of Gruppe 47 and his death as a celebrated poet, there are almost two decades in which Celan presented his poems in numerous radio and public readings and gradually changed his style. In this new compilation, these original recordings can be heard for the first time.<\/p>\n<!--[if lt IE 9]><script>document.createElement('audio');<\/script><![endif]-->\n\t<div class=\"wp-playlist wp-audio-playlist wp-playlist-light\">\n\t\t\t<div class=\"wp-playlist-current-item\"><\/div>\n\t\t<audio controls=\"controls\" preload=\"none\" width=\"603\"\n\t\t\t><\/audio>\n\t<div class=\"wp-playlist-next\"><\/div>\n\t<div class=\"wp-playlist-prev\"><\/div>\n\t<noscript>\n\t<ol>\n\t\t<li><a href='http:\/\/ehpes.com\/blog1\/wp-content\/uploads\/2020\/11\/20-Todesfuge.mp3'>Todesfuge<\/a><\/li>\t<\/ol>\n\t<\/noscript>\n\t<script type=\"application\/json\" class=\"wp-playlist-script\">{\"type\":\"audio\",\"tracklist\":true,\"tracknumbers\":true,\"images\":true,\"artists\":true,\"tracks\":[{\"src\":\"http:\\\/\\\/ehpes.com\\\/blog1\\\/wp-content\\\/uploads\\\/2020\\\/11\\\/20-Todesfuge.mp3\",\"type\":\"audio\\\/mpeg\",\"title\":\"Todesfuge\",\"caption\":\"\",\"description\":\"\\\"Todesfuge\\\" from Paul Celan liest CD 1 by Paul Celan. Track 20. Genre: H\\u00f6rbuch &amp; Gesprochene Inhalte.\",\"meta\":{\"artist\":\"Paul Celan\",\"album\":\"Paul Celan liest CD 1\",\"genre\":\"H\\u00f6rbuch &amp; Gesprochene Inhalte\",\"length_formatted\":\"2:52\"},\"image\":{\"src\":\"http:\\\/\\\/ehpes.com\\\/blog1\\\/wp-includes\\\/images\\\/media\\\/audio.png\",\"width\":48,\"height\":64},\"thumb\":{\"src\":\"http:\\\/\\\/ehpes.com\\\/blog1\\\/wp-includes\\\/images\\\/media\\\/audio.png\",\"width\":48,\"height\":64}}]}<\/script>\n<\/div>\n\t\n","protected":false},"excerpt":{"rendered":"<p>Eine Atmosph\u00e4re von Hoffnung und Zuversicht \u2022 An Atmosphere of Hope and Confidence Hilfe f\u00fcr verfolgte Juden in Rum\u00e4nien, Transnistrien und Nordsiebenb\u00fcrgen 1940-1944 \u2022 Aid for Persecuted Jews in Romania, Transnistria and Northern Transylvania 1940-1944 296 pages, 170 x 240 mm, with numerous illustrations, hardcover, numerous partly colored illustrations September 2020 ISBN 978-3-86732-348-2 Lukas Verlag [&hellip;]<\/p>\n","protected":false},"author":2,"featured_media":0,"comment_status":"open","ping_status":"open","sticky":false,"template":"","format":"standard","meta":{"footnotes":""},"categories":[3,4,13,17,19],"tags":[],"_links":{"self":[{"href":"http:\/\/ehpes.com\/blog1\/index.php?rest_route=\/wp\/v2\/posts\/10990"}],"collection":[{"href":"http:\/\/ehpes.com\/blog1\/index.php?rest_route=\/wp\/v2\/posts"}],"about":[{"href":"http:\/\/ehpes.com\/blog1\/index.php?rest_route=\/wp\/v2\/types\/post"}],"author":[{"embeddable":true,"href":"http:\/\/ehpes.com\/blog1\/index.php?rest_route=\/wp\/v2\/users\/2"}],"replies":[{"embeddable":true,"href":"http:\/\/ehpes.com\/blog1\/index.php?rest_route=%2Fwp%2Fv2%2Fcomments&post=10990"}],"version-history":[{"count":23,"href":"http:\/\/ehpes.com\/blog1\/index.php?rest_route=\/wp\/v2\/posts\/10990\/revisions"}],"predecessor-version":[{"id":11019,"href":"http:\/\/ehpes.com\/blog1\/index.php?rest_route=\/wp\/v2\/posts\/10990\/revisions\/11019"}],"wp:attachment":[{"href":"http:\/\/ehpes.com\/blog1\/index.php?rest_route=%2Fwp%2Fv2%2Fmedia&parent=10990"}],"wp:term":[{"taxonomy":"category","embeddable":true,"href":"http:\/\/ehpes.com\/blog1\/index.php?rest_route=%2Fwp%2Fv2%2Fcategories&post=10990"},{"taxonomy":"post_tag","embeddable":true,"href":"http:\/\/ehpes.com\/blog1\/index.php?rest_route=%2Fwp%2Fv2%2Ftags&post=10990"}],"curies":[{"name":"wp","href":"https:\/\/api.w.org\/{rel}","templated":true}]}}